{"id":67187,"global_id":"blog.londrina.pr.gov.br?id=67187","global_id_lineage":["blog.londrina.pr.gov.br?id=67187"],"author":"115","status":"publish","date":"2019-12-13 14:24:59","date_utc":"2019-12-13 17:24:59","modified":"2019-12-13 14:24:59","modified_utc":"2019-12-13 17:24:59","url":"https:\/\/blog.londrina.pr.gov.br\/?tribe_events=auto-de-natal-na-concha-acustica","rest_url":"https:\/\/blog.londrina.pr.gov.br\/index.php?rest_route=\/tribe\/events\/v1\/events\/67187","title":"Auto de Natal na Concha Ac\u00fastica","description":"<p>O projeto Auto da Paix\u00e3o de Cristo Londrina realiza, nesta sexta-feira(13), \u00e0s 19h30, a apresenta\u00e7\u00e3o da pe\u00e7a \u201cNatal na Pra\u00e7a\u201d. O evento \u00e9 aberto a todos os interessados, na Concha Ac\u00fastica, e\u00a0tem como objetivo a celebra\u00e7\u00e3o do Natal e o anivers\u00e1rio de 85 anos da cidade.<\/p>\n<p>A apresenta\u00e7\u00e3o narra a hist\u00f3ria de uma fam\u00edlia de comerciantes, que a partir de uma reflex\u00e3o sobre a frieza da ceia de Natal, mudar\u00e1 suas comemora\u00e7\u00f5es, mostrando atrav\u00e9s do teatro o verdadeiro esp\u00edrito natalino. A\u00a0exibi\u00e7\u00e3o ter\u00e1 1h30 de dura\u00e7\u00e3o e contar\u00e1 com mais de 20 atores, que integram o Grupo da Paz. Ele apresenta o projeto \u201cAuto da Paix\u00e3o de Cristo Londrina\u201d, que conta com patroc\u00ednio da Secretaria Municipal de Cultura, por meio do Programa Municipal de Incentivo \u00e0 Cultura (PROMIC).<\/p>\n<p>&nbsp;<\/p>","excerpt":"","slug":"auto-de-natal-na-concha-acustica","image":false,"all_day":false,"start_date":"2019-12-13 19:30:00","start_date_details":{"year":"2019","month":"12","day":"13","hour":"19","minutes":"30","seconds":"00"},"end_date":"2019-12-13 21:00:00","end_date_details":{"year":"2019","month":"12","day":"13","hour":"21","minutes":"00","seconds":"00"},"utc_start_date":"2019-12-13 22:30:00","utc_start_date_details":{"year":"2019","month":"12","day":"13","hour":"22","minutes":"30","seconds":"00"},"utc_end_date":"2019-12-14 00:00:00","utc_end_date_details":{"year":"2019","month":"12","day":"14","hour":"00","minutes":"00","seconds":"00"},"timezone":"America\/Sao_Paulo","timezone_abbr":"-03","cost":"","cost_details":{"currency_symbol":"","currency_position":"prefix","values":[]},"website":"","show_map":true,"show_map_link":true,"hide_from_listings":false,"sticky":false,"featured":false,"categories":[{"name":"Cultura","slug":"cultura","term_group":0,"term_taxonomy_id":699,"taxonomy":"tribe_events_cat","description":"","parent":0,"count":123,"filter":"raw","id":699,"urls":{"self":"https:\/\/blog.londrina.pr.gov.br\/index.php?rest_route=\/tribe\/events\/v1\/categories\/699","collection":"https:\/\/blog.londrina.pr.gov.br\/index.php?rest_route=\/tribe\/events\/v1\/categories"}}],"tags":[{"name":"anivers\u00e1rio de Londrina","slug":"aniversario-de-londrina","term_group":0,"term_taxonomy_id":1391,"taxonomy":"post_tag","description":"","parent":0,"count":38,"filter":"raw","id":1391,"urls":{"self":"https:\/\/blog.londrina.pr.gov.br\/index.php?rest_route=\/tribe\/events\/v1\/tags\/1391","collection":"https:\/\/blog.londrina.pr.gov.br\/index.php?rest_route=\/tribe\/events\/v1\/tags"}},{"name":"Concha Ac\u00fastica","slug":"concha-acustica","term_group":0,"term_taxonomy_id":1013,"taxonomy":"post_tag","description":"","parent":0,"count":104,"filter":"raw","id":1013,"urls":{"self":"https:\/\/blog.londrina.pr.gov.br\/index.php?rest_route=\/tribe\/events\/v1\/tags\/1013","collection":"https:\/\/blog.londrina.pr.gov.br\/index.php?rest_route=\/tribe\/events\/v1\/tags"}},{"name":"cultura","slug":"cultura","term_group":0,"term_taxonomy_id":42,"taxonomy":"post_tag","description":"","parent":0,"count":4448,"filter":"raw","id":42,"urls":{"self":"https:\/\/blog.londrina.pr.gov.br\/index.php?rest_route=\/tribe\/events\/v1\/tags\/42","collection":"https:\/\/blog.londrina.pr.gov.br\/index.php?rest_route=\/tribe\/events\/v1\/tags"}},{"name":"Natal de Londrina","slug":"natal-de-londrina","term_group":0,"term_taxonomy_id":4941,"taxonomy":"post_tag","description":"","parent":0,"count":34,"filter":"raw","id":4941,"urls":{"self":"https:\/\/blog.londrina.pr.gov.br\/index.php?rest_route=\/tribe\/events\/v1\/tags\/4941","collection":"https:\/\/blog.londrina.pr.gov.br\/index.php?rest_route=\/tribe\/events\/v1\/tags"}},{"name":"promic","slug":"promic","term_group":0,"term_taxonomy_id":270,"taxonomy":"post_tag","description":"","parent":0,"count":1355,"filter":"raw","id":270,"urls":{"self":"https:\/\/blog.londrina.pr.gov.br\/index.php?rest_route=\/tribe\/events\/v1\/tags\/270","collection":"https:\/\/blog.londrina.pr.gov.br\/index.php?rest_route=\/tribe\/events\/v1\/tags"}}],"venue":{"id":49817,"author":"115","status":"draft","date":"2019-03-20 16:19:34","date_utc":"0000-00-00 00:00:00","modified":"2019-03-20 16:19:34","modified_utc":"0000-00-00 00:00:00","url":"https:\/\/blog.londrina.pr.gov.br\/?post_type=tribe_venue&p=49817","venue":"Concha Ac\u00fastica","slug":"concha-acustica","address":"Rua Piau\u00ed, 130","city":"Londrina","country":"Brazil","province":"PR","zip":"86020-390","stateprovince":"PR","json_ld":{"@type":"Place","name":"Concha Ac\u00fastica","description":"","url":"https:\/\/blog.londrina.pr.gov.br\/?post_type=tribe_venue&p=49817","address":{"@type":"PostalAddress","streetAddress":"Rua Piau\u00ed, 130","addressLocality":"Londrina","addressRegion":"PR","postalCode":"86020-390","addressCountry":"Brazil"},"telephone":"","sameAs":""},"show_map":true,"show_map_link":true,"global_id":"blog.londrina.pr.gov.br?id=49817","global_id_lineage":["blog.londrina.pr.gov.br?id=49817"]},"organizer":[{"id":49239,"author":"112","status":"publish","date":"2019-03-15 11:38:02","date_utc":"2019-03-15 14:38:02","modified":"2019-03-15 11:38:02","modified_utc":"2019-03-15 14:38:02","url":"https:\/\/blog.londrina.pr.gov.br\/?tribe_organizer=secretaria-municipal-de-cultura","organizer":"Secretaria Municipal de Cultura","slug":"secretaria-municipal-de-cultura","website":"http:\/\/www1.londrina.pr.gov.br\/index.php?option=com_content&view=frontpageplus&Itemid=275","json_ld":{"@type":"Person","name":"Secretaria Municipal de Cultura","description":"","url":"https:\/\/blog.londrina.pr.gov.br\/?tribe_organizer=secretaria-municipal-de-cultura","telephone":"","email":"","sameAs":"http:\/\/www1.londrina.pr.gov.br\/index.php?option=com_content&#038;view=frontpageplus&#038;Itemid=275"},"global_id":"blog.londrina.pr.gov.br?id=49239","global_id_lineage":["blog.londrina.pr.gov.br?id=49239"]}],"json_ld":{"@context":"http:\/\/schema.org","@type":"Event","name":"Auto de Natal na Concha Ac\u00fastica","description":"&lt;p&gt;O projeto Auto da Paix\u00e3o de Cristo Londrina realiza, nesta sexta-feira(13), \u00e0s 19h30, a apresenta\u00e7\u00e3o da pe\u00e7a \u201cNatal na Pra\u00e7a\u201d. O evento \u00e9 aberto a todos os interessados, na Concha Ac\u00fastica, e\u00a0tem como objetivo a celebra\u00e7\u00e3o do Natal e o anivers\u00e1rio de 85 anos da cidade. A apresenta\u00e7\u00e3o narra a hist\u00f3ria de uma fam\u00edlia de &hellip;&lt;\/p&gt;\\n","url":"https:\/\/blog.londrina.pr.gov.br\/?tribe_events=auto-de-natal-na-concha-acustica","startDate":"2019-12-13T19:30:00-03:00","endDate":"2019-12-13T21:00:00-03:00","location":{"@type":"Place","name":"Concha Ac\u00fastica","description":"","url":"https:\/\/blog.londrina.pr.gov.br\/?post_type=tribe_venue&p=49817","address":{"@type":"PostalAddress","streetAddress":"Rua Piau\u00ed, 130","addressLocality":"Londrina","addressRegion":"PR","postalCode":"86020-390","addressCountry":"Brazil"},"telephone":"","sameAs":""},"organizer":{"@type":"Person","name":"Secretaria Municipal de Cultura","description":"","url":"https:\/\/blog.londrina.pr.gov.br\/?tribe_organizer=secretaria-municipal-de-cultura","telephone":"","email":"","sameAs":"http:\/\/www1.londrina.pr.gov.br\/index.php?option=com_content&#038;view=frontpageplus&#038;Itemid=275"},"performer":"Organization"}}