{"id":67213,"global_id":"blog.londrina.pr.gov.br?id=67213","global_id_lineage":["blog.londrina.pr.gov.br?id=67213"],"author":"115","status":"publish","date":"2019-12-13 16:10:11","date_utc":"2019-12-13 19:10:11","modified":"2019-12-13 16:10:11","modified_utc":"2019-12-13 19:10:11","url":"https:\/\/blog.londrina.pr.gov.br\/?tribe_events=2-marcha-mundial-pela-paz-e-nao-violencia","rest_url":"https:\/\/blog.londrina.pr.gov.br\/index.php?rest_route=\/tribe\/events\/v1\/events\/67213","title":"2\u00b0 Marcha Mundial pela Paz e N\u00e3o-Viol\u00eancia","description":"<p>Londrina vai receber a comitiva da 2\u00b0 Marcha Mundial pela Paz e N\u00e3o-Viol\u00eancia. A iniciativa teve in\u00edcio em Madrid (Espanha), no Dia da N\u00e3o-Viol\u00eancia, comemorado anualmente em 2 de outubro. Ela finalizar\u00e1 em 8 de mar\u00e7o, na mesma cidade. No Brasil, ela passar\u00e1 por 12 munic\u00edpios, contando com a \u201cpequena Londres\u201d. O ativista espanhol e coordenador internacional da marcha, Rafael De La Rubia, deve participar da marcha em Londrina.<\/p>\n<p>Est\u00e3o previstas diversas atividades, como a participa\u00e7\u00e3o da comitiva durante uma audi\u00eancia na C\u00e2mara Municipal de Vereadores, \u00e0s 14 horas. Em seguida, \u00e0s 15 horas, a visita ao gabinete do prefeito Marcelo Belinati e, \u00e0s 16h, a comitiva conhecer\u00e1 o Totem da Paz e a Trilha da Paz, que ficam na beira do Lago Igap\u00f3 II.<\/p>\n<p>\u00c0s 18h ser\u00e1 realizada uma concentra\u00e7\u00e3o no Chafariz do Cal\u00e7ad\u00e3o (Av. Paran\u00e1), onde o grupo far\u00e1 uma caminhada pela paz at\u00e9 chegar nas janelas do Sicoob do Cal\u00e7ad\u00e3o, na Avenida Paran\u00e1, 646. Pois, \u00e0s 20 horas, todos est\u00e3o convidados para assistir \u00e0 5\u00aa edi\u00e7\u00e3o da Cantata Encanto de Natal Sicoob, uma das atra\u00e7\u00f5es mais aguardadas do per\u00edodo natalino em Londrina.<\/p>","excerpt":"","slug":"2-marcha-mundial-pela-paz-e-nao-violencia","image":false,"all_day":false,"start_date":"2019-12-17 14:00:00","start_date_details":{"year":"2019","month":"12","day":"17","hour":"14","minutes":"00","seconds":"00"},"end_date":"2019-12-17 20:00:00","end_date_details":{"year":"2019","month":"12","day":"17","hour":"20","minutes":"00","seconds":"00"},"utc_start_date":"2019-12-17 17:00:00","utc_start_date_details":{"year":"2019","month":"12","day":"17","hour":"17","minutes":"00","seconds":"00"},"utc_end_date":"2019-12-17 23:00:00","utc_end_date_details":{"year":"2019","month":"12","day":"17","hour":"23","minutes":"00","seconds":"00"},"timezone":"America\/Sao_Paulo","timezone_abbr":"-03","cost":"","cost_details":{"currency_symbol":"","currency_position":"prefix","values":[]},"website":"http:\/\/londrinapazeando.org.br\/2-marcha-mundial-pela-paz-e-nao-violencia\/","show_map":true,"show_map_link":true,"hide_from_listings":false,"sticky":false,"featured":false,"categories":[{"name":"A\u00e7\u00e3o Social","slug":"acao-social","term_group":0,"term_taxonomy_id":698,"taxonomy":"tribe_events_cat","description":"","parent":0,"count":30,"filter":"raw","id":698,"urls":{"self":"https:\/\/blog.londrina.pr.gov.br\/index.php?rest_route=\/tribe\/events\/v1\/categories\/698","collection":"https:\/\/blog.londrina.pr.gov.br\/index.php?rest_route=\/tribe\/events\/v1\/categories"}}],"tags":[{"name":"codel","slug":"codel","term_group":0,"term_taxonomy_id":659,"taxonomy":"post_tag","description":"","parent":0,"count":668,"filter":"raw","id":659,"urls":{"self":"https:\/\/blog.londrina.pr.gov.br\/index.php?rest_route=\/tribe\/events\/v1\/tags\/659","collection":"https:\/\/blog.londrina.pr.gov.br\/index.php?rest_route=\/tribe\/events\/v1\/tags"}},{"name":"COMPAZ","slug":"compaz","term_group":0,"term_taxonomy_id":884,"taxonomy":"post_tag","description":"","parent":0,"count":135,"filter":"raw","id":884,"urls":{"self":"https:\/\/blog.londrina.pr.gov.br\/index.php?rest_route=\/tribe\/events\/v1\/tags\/884","collection":"https:\/\/blog.londrina.pr.gov.br\/index.php?rest_route=\/tribe\/events\/v1\/tags"}},{"name":"cultura de paz","slug":"cultura-de-paz","term_group":0,"term_taxonomy_id":739,"taxonomy":"post_tag","description":"","parent":0,"count":46,"filter":"raw","id":739,"urls":{"self":"https:\/\/blog.londrina.pr.gov.br\/index.php?rest_route=\/tribe\/events\/v1\/tags\/739","collection":"https:\/\/blog.londrina.pr.gov.br\/index.php?rest_route=\/tribe\/events\/v1\/tags"}},{"name":"n\u00e3o viol\u00eancia","slug":"nao-violencia","term_group":0,"term_taxonomy_id":2367,"taxonomy":"post_tag","description":"","parent":0,"count":8,"filter":"raw","id":2367,"urls":{"self":"https:\/\/blog.londrina.pr.gov.br\/index.php?rest_route=\/tribe\/events\/v1\/tags\/2367","collection":"https:\/\/blog.londrina.pr.gov.br\/index.php?rest_route=\/tribe\/events\/v1\/tags"}}],"venue":{"id":67218,"author":"115","status":"publish","date":"2019-12-13 16:10:11","date_utc":"2019-12-13 19:10:11","modified":"2019-12-13 16:10:11","modified_utc":"2019-12-13 19:10:11","url":"https:\/\/blog.londrina.pr.gov.br\/?tribe_venue=67218","slug":"67218","city":"Londrina","country":"Brazil","province":"PR","stateprovince":"PR","json_ld":{"@type":"Place","name":"","description":"","url":"https:\/\/blog.londrina.pr.gov.br\/?tribe_venue=67218","address":{"@type":"PostalAddress","addressLocality":"Londrina","addressRegion":"PR","addressCountry":"Brazil"},"telephone":"","sameAs":""},"show_map":true,"show_map_link":true,"global_id":"blog.londrina.pr.gov.br?id=67218","global_id_lineage":["blog.londrina.pr.gov.br?id=67218"]},"organizer":[{"id":54747,"author":"115","status":"publish","date":"2019-06-03 17:02:39","date_utc":"2019-06-03 20:02:39","modified":"2019-06-03 17:02:39","modified_utc":"2019-06-03 20:02:39","url":"https:\/\/blog.londrina.pr.gov.br\/?tribe_organizer=conselho-municipal-de-cultura-de-paz","organizer":"Conselho Municipal de Cultura de Paz","slug":"conselho-municipal-de-cultura-de-paz","website":"http:\/\/www.londrina.pr.gov.br\/index.php?option=com_content&view=frontpageplus&Itemid=309","json_ld":{"@type":"Person","name":"Conselho Municipal de Cultura de Paz","description":"","url":"https:\/\/blog.londrina.pr.gov.br\/?tribe_organizer=conselho-municipal-de-cultura-de-paz","telephone":"","email":"","sameAs":"http:\/\/www.londrina.pr.gov.br\/index.php?option=com_content&#038;view=frontpageplus&#038;Itemid=309"},"global_id":"blog.londrina.pr.gov.br?id=54747","global_id_lineage":["blog.londrina.pr.gov.br?id=54747"]},{"id":54746,"author":"115","status":"publish","date":"2019-06-03 17:02:39","date_utc":"2019-06-03 20:02:39","modified":"2019-06-03 17:02:39","modified_utc":"2019-06-03 20:02:39","url":"https:\/\/blog.londrina.pr.gov.br\/?tribe_organizer=londrina-pazeando","organizer":"Londrina Pazeando","slug":"londrina-pazeando","website":"http:\/\/londrinapazeando.org.br\/","json_ld":{"@type":"Person","name":"Londrina Pazeando","description":"","url":"https:\/\/blog.londrina.pr.gov.br\/?tribe_organizer=londrina-pazeando","telephone":"","email":"","sameAs":"http:\/\/londrinapazeando.org.br\/"},"global_id":"blog.londrina.pr.gov.br?id=54746","global_id_lineage":["blog.londrina.pr.gov.br?id=54746"]}],"json_ld":{"@context":"http:\/\/schema.org","@type":"Event","name":"2\u00b0 Marcha Mundial pela Paz e N\u00e3o-Viol\u00eancia","description":"&lt;p&gt;Londrina vai receber a comitiva da 2\u00b0 Marcha Mundial pela Paz e N\u00e3o-Viol\u00eancia. A iniciativa teve in\u00edcio em Madrid (Espanha), no Dia da N\u00e3o-Viol\u00eancia, comemorado anualmente em 2 de outubro. Ela finalizar\u00e1 em 8 de mar\u00e7o, na mesma cidade. No Brasil, ela passar\u00e1 por 12 munic\u00edpios, contando com a \u201cpequena Londres\u201d. O ativista espanhol e &hellip;&lt;\/p&gt;\\n","url":"https:\/\/blog.londrina.pr.gov.br\/?tribe_events=2-marcha-mundial-pela-paz-e-nao-violencia","startDate":"2019-12-17T14:00:00-03:00","endDate":"2019-12-17T20:00:00-03:00","location":{"@type":"Place","name":"","description":"","url":"https:\/\/blog.londrina.pr.gov.br\/?tribe_venue=67218","address":{"@type":"PostalAddress","addressLocality":"Londrina","addressRegion":"PR","addressCountry":"Brazil"},"telephone":"","sameAs":""},"organizer":{"@type":"Person","name":"Conselho Municipal de Cultura de Paz","description":"","url":"https:\/\/blog.londrina.pr.gov.br\/?tribe_organizer=conselho-municipal-de-cultura-de-paz","telephone":"","email":"","sameAs":"http:\/\/www.londrina.pr.gov.br\/index.php?option=com_content&#038;view=frontpageplus&#038;Itemid=309"},"performer":"Organization"}}