{"id":67219,"global_id":"blog.londrina.pr.gov.br?id=67219","global_id_lineage":["blog.londrina.pr.gov.br?id=67219"],"author":"81","status":"publish","date":"2019-12-13 16:14:51","date_utc":"2019-12-13 19:14:51","modified":"2019-12-13 16:14:51","modified_utc":"2019-12-13 19:14:51","url":"https:\/\/blog.londrina.pr.gov.br\/?tribe_events=sarau-prosa-poesia-e-outras-delicias","rest_url":"https:\/\/blog.londrina.pr.gov.br\/index.php?rest_route=\/tribe\/events\/v1\/events\/67219","title":"Sarau: \u201cprosa, poesia e outras del\u00edcias\u201d","description":"<p>A Vila Cultural Cemit\u00e9rio de Autom\u00f3veis ir\u00e1 realizar, na sexta-feira (13), a partir das 20h, o Sarau: \u201cprosa, poesia e outras del\u00edcias\u201d. A atividade, que ocorre mensalmente no local, aborda a leitura de diversos textos liter\u00e1rios, sempre com o questionamento de assuntos diferentes. Nesta oportunidade, \u201cO Bruxo do Cosme Velho\u201d, que retrata a vida de Machado de Assis, ser\u00e1 o tema da festa. Para participar n\u00e3o \u00e9 necess\u00e1rio realizar inscri\u00e7\u00e3o pr\u00e9via e a entrada \u00e9 gratuita.<\/p>\n<p>A festa contar\u00e1 com a leitura da dramaturgia \u201cOs Deuses de Casaca\u201d, de Machado de Assis, como atra\u00e7\u00e3o principal. O texto foi elaborado em 1865 e aborda cr\u00edticas de comportamento, por meio da pol\u00edtica e da religi\u00e3o. J\u00e1 os personagens, Pr\u00f3logo, Ep\u00edlogo, J\u00fapiter, Marte, Apolo, Proteu, Cupido, Vulcano e Merc\u00fario, fazem parte, em sua maioria, da mitologia romana. A atividade \u00e9 uma produ\u00e7\u00e3o de Izabelly Bianchi e Beatriz Vianna Boselli e ser\u00e1 conduzida pelos convidados, M\u00e1rio Fragoso, Apolo Theodoro, Sergio Mello,\u00a0Danilo Gomes Neiva, Leandro Benevides e Frederico Fernandes. Ap\u00f3s a narrativa, o microfone ser\u00e1 aberto e as pessoas ter\u00e3o autonomia para recitar textos que acharem convenientes.<\/p>\n<p>Outra atividade ser\u00e1 a exposi\u00e7\u00e3o \u201cCaricaturas de Machado de Assis\u201d, onde alguns participantes levar\u00e3o desenhos do escritor, de autoria pessoal, para serem apresentados ao p\u00fablico. A\u00a0Vila possui patroc\u00ednio da Secretaria Municipal de Cultura (SMC), por meio do Programa Municipal de Incentivo \u00e0 Cultura (PROMIC).<\/p>\n<p>&nbsp;<\/p>","excerpt":"","slug":"sarau-prosa-poesia-e-outras-delicias","image":false,"all_day":false,"start_date":"2019-12-13 20:00:00","start_date_details":{"year":"2019","month":"12","day":"13","hour":"20","minutes":"00","seconds":"00"},"end_date":"2019-12-13 22:00:00","end_date_details":{"year":"2019","month":"12","day":"13","hour":"22","minutes":"00","seconds":"00"},"utc_start_date":"2019-12-13 23:00:00","utc_start_date_details":{"year":"2019","month":"12","day":"13","hour":"23","minutes":"00","seconds":"00"},"utc_end_date":"2019-12-14 01:00:00","utc_end_date_details":{"year":"2019","month":"12","day":"14","hour":"01","minutes":"00","seconds":"00"},"timezone":"America\/Sao_Paulo","timezone_abbr":"-03","cost":"","cost_details":{"currency_symbol":"","currency_position":"prefix","values":[]},"website":"","show_map":true,"show_map_link":true,"hide_from_listings":false,"sticky":false,"featured":false,"categories":[{"name":"Cultura","slug":"cultura","term_group":0,"term_taxonomy_id":699,"taxonomy":"tribe_events_cat","description":"","parent":0,"count":123,"filter":"raw","id":699,"urls":{"self":"https:\/\/blog.londrina.pr.gov.br\/index.php?rest_route=\/tribe\/events\/v1\/categories\/699","collection":"https:\/\/blog.londrina.pr.gov.br\/index.php?rest_route=\/tribe\/events\/v1\/categories"}}],"tags":[{"name":"Cemit\u00e9rio de Autom\u00f3veis","slug":"cemiterio-de-automoveis","term_group":0,"term_taxonomy_id":792,"taxonomy":"post_tag","description":"","parent":0,"count":32,"filter":"raw","id":792,"urls":{"self":"https:\/\/blog.londrina.pr.gov.br\/index.php?rest_route=\/tribe\/events\/v1\/tags\/792","collection":"https:\/\/blog.londrina.pr.gov.br\/index.php?rest_route=\/tribe\/events\/v1\/tags"}},{"name":"cultura","slug":"cultura","term_group":0,"term_taxonomy_id":42,"taxonomy":"post_tag","description":"","parent":0,"count":4448,"filter":"raw","id":42,"urls":{"self":"https:\/\/blog.londrina.pr.gov.br\/index.php?rest_route=\/tribe\/events\/v1\/tags\/42","collection":"https:\/\/blog.londrina.pr.gov.br\/index.php?rest_route=\/tribe\/events\/v1\/tags"}},{"name":"Machado de Assis","slug":"machado-de-assis","term_group":0,"term_taxonomy_id":5398,"taxonomy":"post_tag","description":"","parent":0,"count":2,"filter":"raw","id":5398,"urls":{"self":"https:\/\/blog.londrina.pr.gov.br\/index.php?rest_route=\/tribe\/events\/v1\/tags\/5398","collection":"https:\/\/blog.londrina.pr.gov.br\/index.php?rest_route=\/tribe\/events\/v1\/tags"}},{"name":"promic","slug":"promic","term_group":0,"term_taxonomy_id":270,"taxonomy":"post_tag","description":"","parent":0,"count":1355,"filter":"raw","id":270,"urls":{"self":"https:\/\/blog.londrina.pr.gov.br\/index.php?rest_route=\/tribe\/events\/v1\/tags\/270","collection":"https:\/\/blog.londrina.pr.gov.br\/index.php?rest_route=\/tribe\/events\/v1\/tags"}},{"name":"sarau","slug":"sarau","term_group":0,"term_taxonomy_id":987,"taxonomy":"post_tag","description":"","parent":0,"count":17,"filter":"raw","id":987,"urls":{"self":"https:\/\/blog.londrina.pr.gov.br\/index.php?rest_route=\/tribe\/events\/v1\/tags\/987","collection":"https:\/\/blog.londrina.pr.gov.br\/index.php?rest_route=\/tribe\/events\/v1\/tags"}}],"venue":{"id":49310,"author":"117","status":"publish","date":"2019-03-15 16:07:05","date_utc":"2019-03-15 19:07:05","modified":"2019-03-15 16:07:05","modified_utc":"2019-03-15 19:07:05","url":"https:\/\/blog.londrina.pr.gov.br\/?tribe_venue=vila-cultural-cemiterio-de-automoveis","venue":"Vila Cultural Cemit\u00e9rio de Autom\u00f3veis","slug":"vila-cultural-cemiterio-de-automoveis","address":"Avenida Arthur Thomas, 342","city":"Londrina","country":"Brazil","province":"PR","stateprovince":"PR","json_ld":{"@type":"Place","name":"Vila Cultural Cemit\u00e9rio de Autom\u00f3veis","description":"","url":"https:\/\/blog.londrina.pr.gov.br\/?tribe_venue=vila-cultural-cemiterio-de-automoveis","address":{"@type":"PostalAddress","streetAddress":"Avenida Arthur Thomas, 342","addressLocality":"Londrina","addressRegion":"PR","addressCountry":"Brazil"},"telephone":"","sameAs":""},"show_map":true,"show_map_link":true,"global_id":"blog.londrina.pr.gov.br?id=49310","global_id_lineage":["blog.londrina.pr.gov.br?id=49310"]},"organizer":[{"id":49311,"author":"117","status":"publish","date":"2019-03-15 16:07:06","date_utc":"2019-03-15 19:07:06","modified":"2019-03-15 16:07:06","modified_utc":"2019-03-15 19:07:06","url":"https:\/\/blog.londrina.pr.gov.br\/?tribe_organizer=vila-cultural-cemiterio-de-automoveis","organizer":"Vila Cultural Cemit\u00e9rio de Autom\u00f3veis","slug":"vila-cultural-cemiterio-de-automoveis","json_ld":{"@type":"Person","name":"Vila Cultural Cemit\u00e9rio de Autom\u00f3veis","description":"","url":"https:\/\/blog.londrina.pr.gov.br\/?tribe_organizer=vila-cultural-cemiterio-de-automoveis","telephone":"","email":"","sameAs":""},"global_id":"blog.londrina.pr.gov.br?id=49311","global_id_lineage":["blog.londrina.pr.gov.br?id=49311"]},{"id":49239,"author":"112","status":"publish","date":"2019-03-15 11:38:02","date_utc":"2019-03-15 14:38:02","modified":"2019-03-15 11:38:02","modified_utc":"2019-03-15 14:38:02","url":"https:\/\/blog.londrina.pr.gov.br\/?tribe_organizer=secretaria-municipal-de-cultura","organizer":"Secretaria Municipal de Cultura","slug":"secretaria-municipal-de-cultura","website":"http:\/\/www1.londrina.pr.gov.br\/index.php?option=com_content&view=frontpageplus&Itemid=275","json_ld":{"@type":"Person","name":"Secretaria Municipal de Cultura","description":"","url":"https:\/\/blog.londrina.pr.gov.br\/?tribe_organizer=secretaria-municipal-de-cultura","telephone":"","email":"","sameAs":"http:\/\/www1.londrina.pr.gov.br\/index.php?option=com_content&#038;view=frontpageplus&#038;Itemid=275"},"global_id":"blog.londrina.pr.gov.br?id=49239","global_id_lineage":["blog.londrina.pr.gov.br?id=49239"]}],"json_ld":{"@context":"http:\/\/schema.org","@type":"Event","name":"Sarau: \u201cprosa, poesia e outras del\u00edcias\u201d","description":"&lt;p&gt;A Vila Cultural Cemit\u00e9rio de Autom\u00f3veis ir\u00e1 realizar, na sexta-feira (13), a partir das 20h, o Sarau: \u201cprosa, poesia e outras del\u00edcias\u201d. A atividade, que ocorre mensalmente no local, aborda a leitura de diversos textos liter\u00e1rios, sempre com o questionamento de assuntos diferentes. Nesta oportunidade, \u201cO Bruxo do Cosme Velho\u201d, que retrata a vida de &hellip;&lt;\/p&gt;\\n","url":"https:\/\/blog.londrina.pr.gov.br\/?tribe_events=sarau-prosa-poesia-e-outras-delicias","startDate":"2019-12-13T20:00:00-03:00","endDate":"2019-12-13T22:00:00-03:00","location":{"@type":"Place","name":"Vila Cultural Cemit\u00e9rio de Autom\u00f3veis","description":"","url":"https:\/\/blog.londrina.pr.gov.br\/?tribe_venue=vila-cultural-cemiterio-de-automoveis","address":{"@type":"PostalAddress","streetAddress":"Avenida Arthur Thomas, 342","addressLocality":"Londrina","addressRegion":"PR","addressCountry":"Brazil"},"telephone":"","sameAs":""},"organizer":{"@type":"Person","name":"Vila Cultural Cemit\u00e9rio de Autom\u00f3veis","description":"","url":"https:\/\/blog.londrina.pr.gov.br\/?tribe_organizer=vila-cultural-cemiterio-de-automoveis","telephone":"","email":"","sameAs":""},"performer":"Organization"}}