{"id":67230,"global_id":"blog.londrina.pr.gov.br?id=67230","global_id_lineage":["blog.londrina.pr.gov.br?id=67230"],"author":"115","status":"publish","date":"2019-12-13 16:37:07","date_utc":"2019-12-13 19:37:07","modified":"2019-12-13 16:37:07","modified_utc":"2019-12-13 19:37:07","url":"https:\/\/blog.londrina.pr.gov.br\/?tribe_events=mostra-nacional-de-artes-cenicas-traz-teatro-de-bonecos-o-passaro-azul","rest_url":"https:\/\/blog.londrina.pr.gov.br\/index.php?rest_route=\/tribe\/events\/v1\/events\/67230","title":"Mostra Nacional de Artes C\u00eanicas traz teatro de bonecos \u201cO P\u00e1ssaro Azul\u201d","description":"<p>O espet\u00e1culo \u201cO P\u00e1ssaro Azul\u201d \u00e9 a atra\u00e7\u00e3o da Mostra Nacional de Artes C\u00eanicas \u2013 FILO 2019 na programa\u00e7\u00e3o cultural do anivers\u00e1rio de Londrina deste s\u00e1bado (14). O grupo Cirko Volonte se apresentar\u00e1 \u00e0s 19 horas, na Vila Cultural Cemit\u00e9rio de Autom\u00f3veis, com entrada gratuita.<\/p>\n<p>Nesta hist\u00f3ria, o personagem viaja em sonho e encontra um p\u00e1ssaro que o conduz a uma aventura por lugares fant\u00e1sticos. E, ent\u00e3o, ele descobre que a fronteira entre imagina\u00e7\u00e3o e realidade pode se desfazer quando o mundo sens\u00edvel do teatro de marionetes se mistura ao universo m\u00e1gico da literatura.<\/p>\n<p>A Mostra Nacional tem patroc\u00ednio da Prefeitura de Londrina, por meio do Programa Municipal de Incentivo \u00e0 Cultura (PROMIC).<\/p>\n<p><strong>Ficha t\u00e9cnica:<\/strong><\/p>\n<p><strong>Dire\u00e7\u00e3o<\/strong>\u00a0Hanny Reis e Gustavo Bertin |\u00a0<strong>Elenco<\/strong>\u00a0Hanny Reis e Gustavo Bertin |<strong>Trilha sonora<\/strong>\u00a0Gustavo Bertin |\u00a0<strong>Bonecos e adere\u00e7os<\/strong>\u00a0Gustavo Bertin e Hanny Reis |\u00a0<strong>Opera\u00e7\u00e3o T\u00e9cnica<\/strong>\u00a0Renata Ichisato |\u00a0<strong>Fotografia<\/strong>\u00a0Janayna Leite Rolim e Ricardo Molina |\u00a0<strong>V\u00eddeo<\/strong>\u00a0Anderson Aguiar.<\/p>\n<p><strong>Servi\u00e7o:<br \/>\n<em><br \/>\n<\/em><\/strong><strong>MOSTRA NACIONAL DE ARTES C\u00caNICAS \u2013 FILO<br \/>\n<\/strong>Programa\u00e7\u00e3o Cultural do Anivers\u00e1rio de Londrina<br \/>\n\u201cO P\u00e1ssaro Azul\u201d \u2013 espet\u00e1culo do Cirko Volonte (Londrina \u2013PR)<br \/>\nDia 14 de dezembro (s\u00e1bado), \u00e0s 19 horas, na Vila Cultural Cemit\u00e9rio de Autom\u00f3veis (Av. Arthur Thomas, 342)<br \/>\nENTRADA GRATUITA<br \/>\nClassifica\u00e7\u00e3o indicativa: Livre.<br \/>\nDura\u00e7\u00e3o: 45 minutos<\/p>\n<p><strong>Patroc\u00ednio:<\/strong>\u00a0Prefeitura Municipal de Londrina \u2013 Secretaria Municipal de Cultura \u2013 Programa Municipal de Incentivo \u00e0 Cultura (PROMIC)<br \/>\n<strong>Apoio:<\/strong>\u00a0Ciranda, Crillon Palace Hotel, Midiograf, R\u00e1dio UEL FM, Sanepar, SESI Cultura, Teatro M\u00e3e de Deus e Vila Cultural Cemit\u00e9rio de Autom\u00f3veis<br \/>\n<strong>Realiza\u00e7\u00e3o:<\/strong>\u00a0Atrito Arte Artistas e Produtores Associados, Palipalan Arte e Cultura e Universidade Estadual de Londrina (UEL).<\/p>","excerpt":"","slug":"mostra-nacional-de-artes-cenicas-traz-teatro-de-bonecos-o-passaro-azul","image":false,"all_day":false,"start_date":"2019-12-14 19:00:00","start_date_details":{"year":"2019","month":"12","day":"14","hour":"19","minutes":"00","seconds":"00"},"end_date":"2019-12-14 19:45:00","end_date_details":{"year":"2019","month":"12","day":"14","hour":"19","minutes":"45","seconds":"00"},"utc_start_date":"2019-12-14 22:00:00","utc_start_date_details":{"year":"2019","month":"12","day":"14","hour":"22","minutes":"00","seconds":"00"},"utc_end_date":"2019-12-14 22:45:00","utc_end_date_details":{"year":"2019","month":"12","day":"14","hour":"22","minutes":"45","seconds":"00"},"timezone":"America\/Sao_Paulo","timezone_abbr":"-03","cost":"","cost_details":{"currency_symbol":"","currency_position":"prefix","values":[]},"website":"","show_map":true,"show_map_link":true,"hide_from_listings":false,"sticky":false,"featured":false,"categories":[{"name":"Cultura","slug":"cultura","term_group":0,"term_taxonomy_id":699,"taxonomy":"tribe_events_cat","description":"","parent":0,"count":123,"filter":"raw","id":699,"urls":{"self":"https:\/\/blog.londrina.pr.gov.br\/index.php?rest_route=\/tribe\/events\/v1\/categories\/699","collection":"https:\/\/blog.londrina.pr.gov.br\/index.php?rest_route=\/tribe\/events\/v1\/categories"}}],"tags":[{"name":"FILO 2019","slug":"filo-2019","term_group":0,"term_taxonomy_id":3611,"taxonomy":"post_tag","description":"","parent":0,"count":9,"filter":"raw","id":3611,"urls":{"self":"https:\/\/blog.londrina.pr.gov.br\/index.php?rest_route=\/tribe\/events\/v1\/tags\/3611","collection":"https:\/\/blog.londrina.pr.gov.br\/index.php?rest_route=\/tribe\/events\/v1\/tags"}},{"name":"Mostra Nacional de Artes C\u00eanicas","slug":"mostra-nacional-de-artes-cenicas","term_group":0,"term_taxonomy_id":2774,"taxonomy":"post_tag","description":"","parent":0,"count":4,"filter":"raw","id":2774,"urls":{"self":"https:\/\/blog.londrina.pr.gov.br\/index.php?rest_route=\/tribe\/events\/v1\/tags\/2774","collection":"https:\/\/blog.londrina.pr.gov.br\/index.php?rest_route=\/tribe\/events\/v1\/tags"}},{"name":"promic","slug":"promic","term_group":0,"term_taxonomy_id":270,"taxonomy":"post_tag","description":"","parent":0,"count":1355,"filter":"raw","id":270,"urls":{"self":"https:\/\/blog.londrina.pr.gov.br\/index.php?rest_route=\/tribe\/events\/v1\/tags\/270","collection":"https:\/\/blog.londrina.pr.gov.br\/index.php?rest_route=\/tribe\/events\/v1\/tags"}}],"venue":{"id":49310,"author":"117","status":"publish","date":"2019-03-15 16:07:05","date_utc":"2019-03-15 19:07:05","modified":"2019-03-15 16:07:05","modified_utc":"2019-03-15 19:07:05","url":"https:\/\/blog.londrina.pr.gov.br\/?tribe_venue=vila-cultural-cemiterio-de-automoveis","venue":"Vila Cultural Cemit\u00e9rio de Autom\u00f3veis","slug":"vila-cultural-cemiterio-de-automoveis","address":"Avenida Arthur Thomas, 342","city":"Londrina","country":"Brazil","province":"PR","stateprovince":"PR","json_ld":{"@type":"Place","name":"Vila Cultural Cemit\u00e9rio de Autom\u00f3veis","description":"","url":"https:\/\/blog.londrina.pr.gov.br\/?tribe_venue=vila-cultural-cemiterio-de-automoveis","address":{"@type":"PostalAddress","streetAddress":"Avenida Arthur Thomas, 342","addressLocality":"Londrina","addressRegion":"PR","addressCountry":"Brazil"},"telephone":"","sameAs":""},"show_map":true,"show_map_link":true,"global_id":"blog.londrina.pr.gov.br?id=49310","global_id_lineage":["blog.londrina.pr.gov.br?id=49310"]},"organizer":[{"id":60354,"author":"115","status":"publish","date":"2019-08-28 16:18:00","date_utc":"2019-08-28 19:18:00","modified":"2019-08-28 16:18:00","modified_utc":"2019-08-28 19:18:00","url":"https:\/\/blog.londrina.pr.gov.br\/?tribe_organizer=festival-internacional-de-londrina-filo","organizer":"Festival Internacional de Londrina (FILO)","slug":"festival-internacional-de-londrina-filo","website":"https:\/\/filo.art.br\/","json_ld":{"@type":"Person","name":"Festival Internacional de Londrina (FILO)","description":"","url":"https:\/\/blog.londrina.pr.gov.br\/?tribe_organizer=festival-internacional-de-londrina-filo","telephone":"","email":"","sameAs":"https:\/\/filo.art.br\/"},"global_id":"blog.londrina.pr.gov.br?id=60354","global_id_lineage":["blog.londrina.pr.gov.br?id=60354"]}],"json_ld":{"@context":"http:\/\/schema.org","@type":"Event","name":"Mostra Nacional de Artes C\u00eanicas traz teatro de bonecos \u201cO P\u00e1ssaro Azul\u201d","description":"&lt;p&gt;O espet\u00e1culo \u201cO P\u00e1ssaro Azul\u201d \u00e9 a atra\u00e7\u00e3o da Mostra Nacional de Artes C\u00eanicas \u2013 FILO 2019 na programa\u00e7\u00e3o cultural do anivers\u00e1rio de Londrina deste s\u00e1bado (14). O grupo Cirko Volonte se apresentar\u00e1 \u00e0s 19 horas, na Vila Cultural Cemit\u00e9rio de Autom\u00f3veis, com entrada gratuita. Nesta hist\u00f3ria, o personagem viaja em sonho e encontra um &hellip;&lt;\/p&gt;\\n","url":"https:\/\/blog.londrina.pr.gov.br\/?tribe_events=mostra-nacional-de-artes-cenicas-traz-teatro-de-bonecos-o-passaro-azul","startDate":"2019-12-14T19:00:00-03:00","endDate":"2019-12-14T19:45:00-03:00","location":{"@type":"Place","name":"Vila Cultural Cemit\u00e9rio de Autom\u00f3veis","description":"","url":"https:\/\/blog.londrina.pr.gov.br\/?tribe_venue=vila-cultural-cemiterio-de-automoveis","address":{"@type":"PostalAddress","streetAddress":"Avenida Arthur Thomas, 342","addressLocality":"Londrina","addressRegion":"PR","addressCountry":"Brazil"},"telephone":"","sameAs":""},"organizer":{"@type":"Person","name":"Festival Internacional de Londrina (FILO)","description":"","url":"https:\/\/blog.londrina.pr.gov.br\/?tribe_organizer=festival-internacional-de-londrina-filo","telephone":"","email":"","sameAs":"https:\/\/filo.art.br\/"},"performer":"Organization"}}